{"id":1561,"date":"2026-04-22T00:00:05","date_gmt":"2026-04-21T22:00:05","guid":{"rendered":"https:\/\/heilig-geist-hospiz.de\/?p=1561"},"modified":"2026-04-22T17:08:56","modified_gmt":"2026-04-22T15:08:56","slug":"grosszuegige-spende-fuer-die-hospizarbeit","status":"publish","type":"post","link":"https:\/\/heilig-geist-hospiz.de\/?p=1561","title":{"rendered":"Gro\u00dfz\u00fcgige Spende f\u00fcr die Hospizarbeit"},"content":{"rendered":"\t\t<div data-elementor-type=\"wp-post\" data-elementor-id=\"1561\" class=\"elementor elementor-1561\">\n\t\t\t\t\t\t<section class=\"elementor-section elementor-top-section elementor-element elementor-element-8090ccc elementor-section-boxed elementor-section-height-default elementor-section-height-default\" data-id=\"8090ccc\" data-element_type=\"section\" data-e-type=\"section\">\n\t\t\t\t\t\t<div class=\"elementor-container elementor-column-gap-default\">\n\t\t\t\t\t<div class=\"elementor-column elementor-col-100 elementor-top-column elementor-element elementor-element-ae989d7\" data-id=\"ae989d7\" data-element_type=\"column\" data-e-type=\"column\">\n\t\t\t<div class=\"elementor-widget-wrap elementor-element-populated\">\n\t\t\t\t\t\t<div class=\"elementor-element elementor-element-fd381bd elementor-widget elementor-widget-image\" data-id=\"fd381bd\" data-element_type=\"widget\" data-e-type=\"widget\" data-widget_type=\"image.default\">\n\t\t\t\t<div class=\"elementor-widget-container\">\n\t\t\t\t\t\t\t\t\t\t\t\t\t\t\t<img fetchpriority=\"high\" decoding=\"async\" width=\"1024\" height=\"767\" src=\"https:\/\/heilig-geist-hospiz.de\/wp-content\/uploads\/2026\/04\/VDK-Spende-Hospiz-e1776869259598-1024x767.jpg\" class=\"attachment-large size-large wp-image-1761\" alt=\"\" srcset=\"https:\/\/heilig-geist-hospiz.de\/wp-content\/uploads\/2026\/04\/VDK-Spende-Hospiz-e1776869259598-1024x767.jpg 1024w, https:\/\/heilig-geist-hospiz.de\/wp-content\/uploads\/2026\/04\/VDK-Spende-Hospiz-e1776869259598-300x225.jpg 300w, https:\/\/heilig-geist-hospiz.de\/wp-content\/uploads\/2026\/04\/VDK-Spende-Hospiz-e1776869259598-768x575.jpg 768w, https:\/\/heilig-geist-hospiz.de\/wp-content\/uploads\/2026\/04\/VDK-Spende-Hospiz-e1776869259598.jpg 1197w\" sizes=\"(max-width: 1024px) 100vw, 1024px\" \/>\t\t\t\t\t\t\t\t\t\t\t\t\t\t\t<\/div>\n\t\t\t\t<\/div>\n\t\t\t\t\t<\/div>\n\t\t<\/div>\n\t\t\t\t\t<\/div>\n\t\t<\/section>\n\t\t\t\t<section class=\"elementor-section elementor-top-section elementor-element elementor-element-246e7b7 elementor-section-boxed elementor-section-height-default elementor-section-height-default\" data-id=\"246e7b7\" data-element_type=\"section\" data-e-type=\"section\">\n\t\t\t\t\t\t<div class=\"elementor-container elementor-column-gap-default\">\n\t\t\t\t\t<div class=\"elementor-column elementor-col-100 elementor-top-column elementor-element elementor-element-3fc4312\" data-id=\"3fc4312\" data-element_type=\"column\" data-e-type=\"column\">\n\t\t\t<div class=\"elementor-widget-wrap elementor-element-populated\">\n\t\t\t\t\t\t<div class=\"elementor-element elementor-element-742f715 elementor-widget elementor-widget-heading\" data-id=\"742f715\" data-element_type=\"widget\" data-e-type=\"widget\" data-widget_type=\"heading.default\">\n\t\t\t\t<div class=\"elementor-widget-container\">\n\t\t\t\t\t<h2 class=\"elementor-heading-title elementor-size-default\">Sozialverband VdK spendet 6.000 Euro f\u00fcr Hospizarbeit<\/h2>\t\t\t\t<\/div>\n\t\t\t\t<\/div>\n\t\t\t\t\t<\/div>\n\t\t<\/div>\n\t\t\t\t\t<\/div>\n\t\t<\/section>\n\t\t\t\t<section class=\"elementor-section elementor-top-section elementor-element elementor-element-6cc9632 elementor-section-boxed elementor-section-height-default elementor-section-height-default\" data-id=\"6cc9632\" data-element_type=\"section\" data-e-type=\"section\">\n\t\t\t\t\t\t<div class=\"elementor-container elementor-column-gap-default\">\n\t\t\t\t\t<div class=\"elementor-column elementor-col-100 elementor-top-column elementor-element elementor-element-e5ea0fd\" data-id=\"e5ea0fd\" data-element_type=\"column\" data-e-type=\"column\">\n\t\t\t<div class=\"elementor-widget-wrap elementor-element-populated\">\n\t\t\t\t\t\t<div class=\"elementor-element elementor-element-1dfaea8 elementor-widget elementor-widget-text-editor\" data-id=\"1dfaea8\" data-element_type=\"widget\" data-e-type=\"widget\" data-widget_type=\"text-editor.default\">\n\t\t\t\t<div class=\"elementor-widget-container\">\n\t\t\t\t\t\t\t\t\t<div class=\"\" data-block=\"true\" data-editor=\"e1svc\" data-offset-key=\"17at9-0-0\"><div class=\"_1mf _1mj\" data-offset-key=\"17at9-0-0\"><span data-offset-key=\"17at9-0-0\">Herzlichen Dank f\u00fcr die gro\u00dfartige Unterst\u00fctzung an alle Mitglieder des Sozialverbands VDK NRW Ortsverband Kamen &#8211; diese hatten bei der Jahreshauptversammlung<\/span><\/div><div class=\"_1mf _1mj\" data-offset-key=\"17at9-0-0\"><span data-offset-key=\"17at9-0-0\">einstimmig der Spendenidee von\u00a0 Gabriele Diester zugestimmt. So \u00fcbergab die Vorsitzende\u00a0 eine gro\u00dfz\u00fcgige Spende in H\u00f6he von 6.000 \u20ac\u00a0 an Hospizleiterin Mareike Sorgatz.\u00a0<\/span><span style=\"font-size: 16px;\">\u201eDas Hospiz ist eine wichtige und sehr sinnvolle Institution f\u00fcr unsere Region. Es ist so gut, dass es diese M\u00f6glichkeit gibt\u201c, betont die Vorsitzende.\u00a0 D<span data-offset-key=\"9vem5-0-0\">ie Summe finanzierte sich aus angesparten Mitgliedsbeitr\u00e4gen.<\/span><\/span><\/div><\/div><div class=\"\" data-block=\"true\" data-editor=\"e1svc\" data-offset-key=\"cc0pu-0-0\"><div class=\"_1mf _1mj\" data-offset-key=\"cc0pu-0-0\"><span data-offset-key=\"cc0pu-0-0\">\u00a0<\/span><\/div><\/div><div class=\"\" data-block=\"true\" data-editor=\"e1svc\" data-offset-key=\"8j6k8-0-0\"><div class=\"_1mf _1mj\" data-offset-key=\"8j6k8-0-0\"><span data-offset-key=\"8j6k8-0-0\">\u00a0Wir bedanken uns bei allen Beteiligten f\u00fcr diese wichtige Unterst\u00fctzung unserer Hospizarbeit.\u00a0<\/span><\/div><\/div>\t\t\t\t\t\t\t\t<\/div>\n\t\t\t\t<\/div>\n\t\t\t\t\t<\/div>\n\t\t<\/div>\n\t\t\t\t\t<\/div>\n\t\t<\/section>\n\t\t\t\t<\/div>\n\t\t","protected":false},"excerpt":{"rendered":"<p>Sozialverband VdK spendet 6.000 Euro f\u00fcr Hospizarbeit Herzlichen Dank f\u00fcr die gro\u00dfartige Unterst\u00fctzung an alle Mitglieder des Sozialverbands VDK NRW Ortsverband Kamen &#8211; diese hatten bei der Jahreshauptversammlungeinstimmig der Spendenidee von\u00a0 Gabriele Diester zugestimmt. So \u00fcbergab die Vorsitzende\u00a0 eine gro\u00dfz\u00fcgige Spende in H\u00f6he von 6.000 \u20ac\u00a0 an Hospizleiterin Mareike Sorgatz.\u00a0\u201eDas Hospiz ist eine wichtige und [&hellip;]<\/p>\n","protected":false},"author":7,"featured_media":1761,"comment_status":"closed","ping_status":"closed","sticky":false,"template":"elementor_header_footer","format":"standard","meta":{"_acf_changed":false,"site-sidebar-layout":"default","site-content-layout":"","ast-site-content-layout":"default","site-content-style":"default","site-sidebar-style":"default","ast-global-header-display":"","ast-banner-title-visibility":"","ast-main-header-display":"","ast-hfb-above-header-display":"","ast-hfb-below-header-display":"","ast-hfb-mobile-header-display":"","site-post-title":"","ast-breadcrumbs-content":"","ast-featured-img":"","footer-sml-layout":"","ast-disable-related-posts":"","theme-transparent-header-meta":"","adv-header-id-meta":"","stick-header-meta":"","header-above-stick-meta":"","header-main-stick-meta":"","header-below-stick-meta":"","astra-migrate-meta-layouts":"set","ast-page-background-enabled":"default","ast-page-background-meta":{"desktop":{"background-color":"","background-image":"","background-repeat":"repeat","background-position":"center center","background-size":"auto","background-attachment":"scroll","background-type":"","background-media":"","overlay-type":"","overlay-color":"","overlay-opacity":"","overlay-gradient":""},"tablet":{"background-color":"","background-image":"","background-repeat":"repeat","background-position":"center center","background-size":"auto","background-attachment":"scroll","background-type":"","background-media":"","overlay-type":"","overlay-color":"","overlay-opacity":"","overlay-gradient":""},"mobile":{"background-color":"","background-image":"","background-repeat":"repeat","background-position":"center center","background-size":"auto","background-attachment":"scroll","background-type":"","background-media":"","overlay-type":"","overlay-color":"","overlay-opacity":"","overlay-gradient":""}},"ast-content-background-meta":{"desktop":{"background-color":"var(--ast-global-color-5)","background-image":"","background-repeat":"repeat","background-position":"center center","background-size":"auto","background-attachment":"scroll","background-type":"","background-media":"","overlay-type":"","overlay-color":"","overlay-opacity":"","overlay-gradient":""},"tablet":{"background-color":"var(--ast-global-color-5)","background-image":"","background-repeat":"repeat","background-position":"center center","background-size":"auto","background-attachment":"scroll","background-type":"","background-media":"","overlay-type":"","overlay-color":"","overlay-opacity":"","overlay-gradient":""},"mobile":{"background-color":"var(--ast-global-color-5)","background-image":"","background-repeat":"repeat","background-position":"center center","background-size":"auto","background-attachment":"scroll","background-type":"","background-media":"","overlay-type":"","overlay-color":"","overlay-opacity":"","overlay-gradient":""}},"footnotes":""},"categories":[1],"tags":[],"class_list":["post-1561","post","type-post","status-publish","format-standard","has-post-thumbnail","hentry","category-allgemein"],"acf":[],"_links":{"self":[{"href":"https:\/\/heilig-geist-hospiz.de\/index.php?rest_route=\/wp\/v2\/posts\/1561","targetHints":{"allow":["GET"]}}],"collection":[{"href":"https:\/\/heilig-geist-hospiz.de\/index.php?rest_route=\/wp\/v2\/posts"}],"about":[{"href":"https:\/\/heilig-geist-hospiz.de\/index.php?rest_route=\/wp\/v2\/types\/post"}],"author":[{"embeddable":true,"href":"https:\/\/heilig-geist-hospiz.de\/index.php?rest_route=\/wp\/v2\/users\/7"}],"replies":[{"embeddable":true,"href":"https:\/\/heilig-geist-hospiz.de\/index.php?rest_route=%2Fwp%2Fv2%2Fcomments&post=1561"}],"version-history":[{"count":23,"href":"https:\/\/heilig-geist-hospiz.de\/index.php?rest_route=\/wp\/v2\/posts\/1561\/revisions"}],"predecessor-version":[{"id":1778,"href":"https:\/\/heilig-geist-hospiz.de\/index.php?rest_route=\/wp\/v2\/posts\/1561\/revisions\/1778"}],"wp:featuredmedia":[{"embeddable":true,"href":"https:\/\/heilig-geist-hospiz.de\/index.php?rest_route=\/wp\/v2\/media\/1761"}],"wp:attachment":[{"href":"https:\/\/heilig-geist-hospiz.de\/index.php?rest_route=%2Fwp%2Fv2%2Fmedia&parent=1561"}],"wp:term":[{"taxonomy":"category","embeddable":true,"href":"https:\/\/heilig-geist-hospiz.de\/index.php?rest_route=%2Fwp%2Fv2%2Fcategories&post=1561"},{"taxonomy":"post_tag","embeddable":true,"href":"https:\/\/heilig-geist-hospiz.de\/index.php?rest_route=%2Fwp%2Fv2%2Ftags&post=1561"}],"curies":[{"name":"wp","href":"https:\/\/api.w.org\/{rel}","templated":true}]}}